{"id":96,"date":"2014-03-10T12:12:56","date_gmt":"2014-03-10T10:12:56","guid":{"rendered":"http:\/\/www.kommaacht.de\/?p=96"},"modified":"2014-03-10T12:12:56","modified_gmt":"2014-03-10T10:12:56","slug":"wachsen-und-gedeihen","status":"publish","type":"post","link":"http:\/\/www.kommaacht.de\/?p=96","title":{"rendered":"Wachsen und Gedeihen"},"content":{"rendered":"<p>Unzweifelhaft kommt jetzt der Fr\u00fchling. Menschen mit Garten planen\u00a0und\u00a0pflanzen\u00a0f\u00fcr das kommende Jahr. Es wird gej\u00e4tet und ges\u00e4t, \u00a0die Stauden des letzten Jahres begutachtet, geschnitten und ged\u00fcngt.<\/p>\n<p>Die Analogien zum pers\u00f6nlichen Wachstum, zu Wandel und m\u00f6glicherweise zu einem Aufbruch zu etwas Neuem liegen auf der Hand.<\/p>\n<p>Wir bieten Ihnen Workshops als m\u00f6glichen D\u00fcnger f\u00fcr Ihre Vorhaben, damit es ein bl\u00fchendes und fruchtbares Jahr wird. Unsere Seminarangebote finden Sie rechts in der Spalte.<\/p>\n","protected":false},"excerpt":{"rendered":"<p>Unzweifelhaft kommt jetzt der Fr\u00fchling. Menschen mit Garten planen\u00a0und\u00a0pflanzen\u00a0f\u00fcr das kommende Jahr. Es wird gej\u00e4tet und ges\u00e4t, \u00a0die Stauden des letzten Jahres begutachtet, geschnitten und ged\u00fcngt. Die Analogien zum pers\u00f6nlichen Wachstum, zu Wandel und m\u00f6glicherweise zu einem Aufbruch zu etwas Neuem liegen auf der Hand. Wir bieten Ihnen Workshops als m\u00f6glichen D\u00fcnger f\u00fcr Ihre Vorhaben, &hellip; <a href=\"http:\/\/www.kommaacht.de\/?p=96\" class=\"more-link\"><span class=\"screen-reader-text\">Wachsen und Gedeihen<\/span> weiterlesen <span class=\"meta-nav\">&rarr;<\/span><\/a><\/p>\n","protected":false},"author":1,"featured_media":0,"comment_status":"open","ping_status":"open","sticky":false,"template":"","format":"standard","meta":{"footnotes":""},"categories":[1],"tags":[],"_links":{"self":[{"href":"http:\/\/www.kommaacht.de\/index.php?rest_route=\/wp\/v2\/posts\/96"}],"collection":[{"href":"http:\/\/www.kommaacht.de\/index.php?rest_route=\/wp\/v2\/posts"}],"about":[{"href":"http:\/\/www.kommaacht.de\/index.php?rest_route=\/wp\/v2\/types\/post"}],"author":[{"embeddable":true,"href":"http:\/\/www.kommaacht.de\/index.php?rest_route=\/wp\/v2\/users\/1"}],"replies":[{"embeddable":true,"href":"http:\/\/www.kommaacht.de\/index.php?rest_route=%2Fwp%2Fv2%2Fcomments&post=96"}],"version-history":[{"count":1,"href":"http:\/\/www.kommaacht.de\/index.php?rest_route=\/wp\/v2\/posts\/96\/revisions"}],"predecessor-version":[{"id":97,"href":"http:\/\/www.kommaacht.de\/index.php?rest_route=\/wp\/v2\/posts\/96\/revisions\/97"}],"wp:attachment":[{"href":"http:\/\/www.kommaacht.de\/index.php?rest_route=%2Fwp%2Fv2%2Fmedia&parent=96"}],"wp:term":[{"taxonomy":"category","embeddable":true,"href":"http:\/\/www.kommaacht.de\/index.php?rest_route=%2Fwp%2Fv2%2Fcategories&post=96"},{"taxonomy":"post_tag","embeddable":true,"href":"http:\/\/www.kommaacht.de\/index.php?rest_route=%2Fwp%2Fv2%2Ftags&post=96"}],"curies":[{"name":"wp","href":"https:\/\/api.w.org\/{rel}","templated":true}]}}