{"id":293,"date":"2019-10-11T12:29:04","date_gmt":"2019-10-11T10:29:04","guid":{"rendered":"http:\/\/www.kommaacht.de\/?p=293"},"modified":"2019-10-11T12:29:04","modified_gmt":"2019-10-11T10:29:04","slug":"wunsch","status":"publish","type":"post","link":"http:\/\/www.kommaacht.de\/?p=293","title":{"rendered":"Wunsch"},"content":{"rendered":"\n<p>Im Zug hinter mir sitzen Mutter und Sohn und reden halblaut \u00fcber die Dinge der Welt, die einen F\u00fcnfj\u00e4hrigen umtreiben. Ich bem\u00fche mich, nicht hinzuh\u00f6ren, obwohl es ein spannendes Gespr\u00e4ch ist, doch ich&nbsp;&nbsp;verstehe sowieso nur die H\u00e4lfte. Je n\u00e4her wir Berlin kommen, desto mehr dreht es sich um die n\u00e4chsten Verabredungen, Wege und M\u00f6glichkeiten. Wir m\u00fcssen zur Sch\u00f6nhauser Allee, sagt die Mutter und dann in die Erich-Weinert-Stra\u00dfe. Oooh, sagt das Kind, das ist ja toll, E-ich-Weina-t-Stra\u00dfe! Ich verstehe es nicht ganz und ich will ja auch nicht zuh\u00f6ren, doch das Kind verf\u00e4llt in einen Singsang: E-ich-Weina-t-Stra\u00dfe, E-ich-Weina-t-Stra\u00dfe, &#8230;. Die Mutter ist bald genervt, fragt: Was hast Du denn immer mit der Erich-Weinert-Stra\u00dfe? Da will ich gerne wohnen, sagt das Kind, das w\u00e4re mein gr\u00f6\u00dfter Wunsch! Oh, sagt die Mutter, das werden wir wohl nicht hinkriegen, da eine Wohnung zu finden. Das Kind singt weiter mit leiser Stimme E-ich-Weina-t-Stra\u00dfe, E-ich-Weina-t-Stra\u00dfe bis die Mutter wirklich keine Lust mehr hat und sagt: Nun h\u00f6r doch mal auf, was ist denn jetzt so toll an der Erich-Weinert-Stra\u00dfe? Und das Kind, inzwischen auch leicht genervt \u00fcber die offenbar begriffsstutzige Mutter sagt laut und deutlich und vorwurfsvoll gedehnt: Ist doch klar, Mama. Da ist ewig Weihnacht! Ewig-Weihnacht-Stra\u00dfe! Da will ich gerne wohnen!<\/p>\n","protected":false},"excerpt":{"rendered":"<p>Im Zug hinter mir sitzen Mutter und Sohn und reden halblaut \u00fcber die Dinge der Welt, die einen F\u00fcnfj\u00e4hrigen umtreiben. Ich bem\u00fche mich, nicht hinzuh\u00f6ren, obwohl es ein spannendes Gespr\u00e4ch ist, doch ich&nbsp;&nbsp;verstehe sowieso nur die H\u00e4lfte. Je n\u00e4her wir Berlin kommen, desto mehr dreht es sich um die n\u00e4chsten Verabredungen, Wege und M\u00f6glichkeiten. Wir &hellip; <a href=\"http:\/\/www.kommaacht.de\/?p=293\" class=\"more-link\"><span class=\"screen-reader-text\">Wunsch<\/span> weiterlesen <span class=\"meta-nav\">&rarr;<\/span><\/a><\/p>\n","protected":false},"author":1,"featured_media":0,"comment_status":"open","ping_status":"open","sticky":false,"template":"","format":"standard","meta":{"footnotes":""},"categories":[1],"tags":[],"_links":{"self":[{"href":"http:\/\/www.kommaacht.de\/index.php?rest_route=\/wp\/v2\/posts\/293"}],"collection":[{"href":"http:\/\/www.kommaacht.de\/index.php?rest_route=\/wp\/v2\/posts"}],"about":[{"href":"http:\/\/www.kommaacht.de\/index.php?rest_route=\/wp\/v2\/types\/post"}],"author":[{"embeddable":true,"href":"http:\/\/www.kommaacht.de\/index.php?rest_route=\/wp\/v2\/users\/1"}],"replies":[{"embeddable":true,"href":"http:\/\/www.kommaacht.de\/index.php?rest_route=%2Fwp%2Fv2%2Fcomments&post=293"}],"version-history":[{"count":1,"href":"http:\/\/www.kommaacht.de\/index.php?rest_route=\/wp\/v2\/posts\/293\/revisions"}],"predecessor-version":[{"id":294,"href":"http:\/\/www.kommaacht.de\/index.php?rest_route=\/wp\/v2\/posts\/293\/revisions\/294"}],"wp:attachment":[{"href":"http:\/\/www.kommaacht.de\/index.php?rest_route=%2Fwp%2Fv2%2Fmedia&parent=293"}],"wp:term":[{"taxonomy":"category","embeddable":true,"href":"http:\/\/www.kommaacht.de\/index.php?rest_route=%2Fwp%2Fv2%2Fcategories&post=293"},{"taxonomy":"post_tag","embeddable":true,"href":"http:\/\/www.kommaacht.de\/index.php?rest_route=%2Fwp%2Fv2%2Ftags&post=293"}],"curies":[{"name":"wp","href":"https:\/\/api.w.org\/{rel}","templated":true}]}}