{"id":283,"date":"2019-01-07T21:06:28","date_gmt":"2019-01-07T19:06:28","guid":{"rendered":"http:\/\/www.kommaacht.de\/?p=283"},"modified":"2019-01-08T09:06:55","modified_gmt":"2019-01-08T07:06:55","slug":"bus-mal-wieder","status":"publish","type":"post","link":"http:\/\/www.kommaacht.de\/?p=283","title":{"rendered":"Bus mal wieder"},"content":{"rendered":"\n<p>Der Bus setzt an, in die Haltestelle einzufahren, ich sitze drin und will am Schild drau\u00dfen nachschauen, wo wir genau sind. Doch dann bin ich vollst\u00e4ndig abgelenkt. Auf dem Dach der Haltestelle liegt ein gro\u00dfer gr\u00fcner Berg. Weihnachtsb\u00e4ume. Auf dem Dach! Mal mit der Spitze, mal mit dem Stamm in Richtung Stra\u00dfe. Ich verdrehe den Kopf, muss \u00fcber den Mittelgang des Busses und an den auf der anderen Seite sitzenden Menschen vorbeischauen, dann steigen weitere Passagiere zu um die ich herum gucke, doch all das kriege ich eigentlich gar nicht mit. Ich sinniere am\u00fcsiert wichtigen Fragen der Menschheit nach: wie kommen die da hin, ob die aus dem Fenster bzw. den Fenstern aus dem Haus dahinter&#8230; , oder von unten und wie&#8230; , ob nachts&#8230; und wieso denn \u00fcberhaupt&#8230; ? Ob das eine Tradition&#8230; ? Und was denn wohl die BSR-M\u00e4nner, oder ob die BVG-Leute &#8230; und wie viel h\u00e4lt so ein Dach, wenn jetzt noch Schnee drauf fallen w\u00fcrde? Alles sehr, sehr wichtig. Und erst Minuten sp\u00e4ter &#8211; oder Wochen? &#8211; registriere ich den Herrn mir diagonal gegen\u00fcber sitzend, der mich gro\u00df und sp\u00f6ttisch l\u00e4chelnd anschaut und sich offenbar keinen Reim auf meine Mimik machen kann. Ich erwache aus meiner Weihnachtsbaum-Meditation und muss ganz schnell auf mein Handy gucken, sehr, sehr wichtig und mit leichter Gesichtserw\u00e4rmung!  Schlie\u00dflich wei\u00df ich immer noch nicht, wo wir grade sind!<br><\/p>\n","protected":false},"excerpt":{"rendered":"<p>Der Bus setzt an, in die Haltestelle einzufahren, ich sitze drin und will am Schild drau\u00dfen nachschauen, wo wir genau sind. Doch dann bin ich vollst\u00e4ndig abgelenkt. Auf dem Dach der Haltestelle liegt ein gro\u00dfer gr\u00fcner Berg. Weihnachtsb\u00e4ume. Auf dem Dach! Mal mit der Spitze, mal mit dem Stamm in Richtung Stra\u00dfe. Ich verdrehe den &hellip; <a href=\"http:\/\/www.kommaacht.de\/?p=283\" class=\"more-link\"><span class=\"screen-reader-text\">Bus mal wieder<\/span> weiterlesen <span class=\"meta-nav\">&rarr;<\/span><\/a><\/p>\n","protected":false},"author":1,"featured_media":0,"comment_status":"open","ping_status":"open","sticky":false,"template":"","format":"standard","meta":{"footnotes":""},"categories":[1],"tags":[],"_links":{"self":[{"href":"http:\/\/www.kommaacht.de\/index.php?rest_route=\/wp\/v2\/posts\/283"}],"collection":[{"href":"http:\/\/www.kommaacht.de\/index.php?rest_route=\/wp\/v2\/posts"}],"about":[{"href":"http:\/\/www.kommaacht.de\/index.php?rest_route=\/wp\/v2\/types\/post"}],"author":[{"embeddable":true,"href":"http:\/\/www.kommaacht.de\/index.php?rest_route=\/wp\/v2\/users\/1"}],"replies":[{"embeddable":true,"href":"http:\/\/www.kommaacht.de\/index.php?rest_route=%2Fwp%2Fv2%2Fcomments&post=283"}],"version-history":[{"count":3,"href":"http:\/\/www.kommaacht.de\/index.php?rest_route=\/wp\/v2\/posts\/283\/revisions"}],"predecessor-version":[{"id":286,"href":"http:\/\/www.kommaacht.de\/index.php?rest_route=\/wp\/v2\/posts\/283\/revisions\/286"}],"wp:attachment":[{"href":"http:\/\/www.kommaacht.de\/index.php?rest_route=%2Fwp%2Fv2%2Fmedia&parent=283"}],"wp:term":[{"taxonomy":"category","embeddable":true,"href":"http:\/\/www.kommaacht.de\/index.php?rest_route=%2Fwp%2Fv2%2Fcategories&post=283"},{"taxonomy":"post_tag","embeddable":true,"href":"http:\/\/www.kommaacht.de\/index.php?rest_route=%2Fwp%2Fv2%2Ftags&post=283"}],"curies":[{"name":"wp","href":"https:\/\/api.w.org\/{rel}","templated":true}]}}