{"id":272,"date":"2018-03-14T11:31:58","date_gmt":"2018-03-14T09:31:58","guid":{"rendered":"http:\/\/www.kommaacht.de\/?p=272"},"modified":"2019-01-07T20:51:13","modified_gmt":"2019-01-07T18:51:13","slug":"nuss","status":"publish","type":"post","link":"http:\/\/www.kommaacht.de\/?p=272","title":{"rendered":"Nuss"},"content":{"rendered":"<p>Am Marktstand ist wenig los bei dem Wetter, die Verk\u00e4uferin schaut auf ihr Handy, der Nieselregen h\u00e4lt das Gem\u00fcse frisch. Ganz am Ende des Verkaufstisches hat sie Waln\u00fcsse und riesige Haseln\u00fcsse zum Verkauf und w\u00e4hrend ich den Stand passiere landen dort elegant zwei Nebelkr\u00e4hen. Die eine sucht genau aus, die andere macht sich schnell mit einer Walnuss im Schnabel bereit zum Abflug. Ich am\u00fcsiere mich, spektakele gleichzeitig ein bisschen herum um die V\u00f6gel zu vertreiben. Ach, sagt die Verk\u00e4uferin, dit machen die schon die janze Zeit. Zahlen die denn auch, will ich wissen. Jepp, sagt die Verk\u00e4uferin m\u00fcrrisch, mitm L\u00e4chln.<\/p>\n","protected":false},"excerpt":{"rendered":"<p>Am Marktstand ist wenig los bei dem Wetter, die Verk\u00e4uferin schaut auf ihr Handy, der Nieselregen h\u00e4lt das Gem\u00fcse frisch. Ganz am Ende des Verkaufstisches hat sie Waln\u00fcsse und riesige Haseln\u00fcsse zum Verkauf und w\u00e4hrend ich den Stand passiere landen dort elegant zwei Nebelkr\u00e4hen. Die eine sucht genau aus, die andere macht sich schnell mit &hellip; <a href=\"http:\/\/www.kommaacht.de\/?p=272\" class=\"more-link\"><span class=\"screen-reader-text\">Nuss<\/span> weiterlesen <span class=\"meta-nav\">&rarr;<\/span><\/a><\/p>\n","protected":false},"author":1,"featured_media":0,"comment_status":"open","ping_status":"open","sticky":false,"template":"","format":"standard","meta":{"footnotes":""},"categories":[1],"tags":[],"_links":{"self":[{"href":"http:\/\/www.kommaacht.de\/index.php?rest_route=\/wp\/v2\/posts\/272"}],"collection":[{"href":"http:\/\/www.kommaacht.de\/index.php?rest_route=\/wp\/v2\/posts"}],"about":[{"href":"http:\/\/www.kommaacht.de\/index.php?rest_route=\/wp\/v2\/types\/post"}],"author":[{"embeddable":true,"href":"http:\/\/www.kommaacht.de\/index.php?rest_route=\/wp\/v2\/users\/1"}],"replies":[{"embeddable":true,"href":"http:\/\/www.kommaacht.de\/index.php?rest_route=%2Fwp%2Fv2%2Fcomments&post=272"}],"version-history":[{"count":2,"href":"http:\/\/www.kommaacht.de\/index.php?rest_route=\/wp\/v2\/posts\/272\/revisions"}],"predecessor-version":[{"id":282,"href":"http:\/\/www.kommaacht.de\/index.php?rest_route=\/wp\/v2\/posts\/272\/revisions\/282"}],"wp:attachment":[{"href":"http:\/\/www.kommaacht.de\/index.php?rest_route=%2Fwp%2Fv2%2Fmedia&parent=272"}],"wp:term":[{"taxonomy":"category","embeddable":true,"href":"http:\/\/www.kommaacht.de\/index.php?rest_route=%2Fwp%2Fv2%2Fcategories&post=272"},{"taxonomy":"post_tag","embeddable":true,"href":"http:\/\/www.kommaacht.de\/index.php?rest_route=%2Fwp%2Fv2%2Ftags&post=272"}],"curies":[{"name":"wp","href":"https:\/\/api.w.org\/{rel}","templated":true}]}}