{"id":168,"date":"2015-12-11T15:50:27","date_gmt":"2015-12-11T13:50:27","guid":{"rendered":"http:\/\/www.kommaacht.de\/?p=168"},"modified":"2015-12-11T18:30:23","modified_gmt":"2015-12-11T16:30:23","slug":"vorweihnachtlich","status":"publish","type":"post","link":"http:\/\/www.kommaacht.de\/?p=168","title":{"rendered":"vorweihnachtlich"},"content":{"rendered":"<p>Der Bus ist voll mit nassgeregneten Menschen mit T\u00fcten, Paketen, P\u00e4ckchen &#8211; Vorweihnachtszeit in Berlin. Ein paar Stehpl\u00e4tze gibt es noch, die T\u00fcren schlie\u00dfen sich, der Bus f\u00e4hrt langsam an. Bremst wieder, die Fahrert\u00fcr geht noch mal auf, drei junge Typen st\u00fcrzen rein. Na\u00df und hektisch dr\u00e4ngen sie an Fahrer und Fahrg\u00e4sten vorbei. Der Busfahrer brummt beim T\u00fcrenschlie\u00dfen: Und wie sagt man&#8230; Da dreht der letzte der drei Zugestiegenen sich um, denkt kurz nach und sagt: Voll korrekt, Alter. Der Fahrer setzt den Bus in Bewegung und murmelt: Det will ick meinen.<\/p>\n","protected":false},"excerpt":{"rendered":"<p>Der Bus ist voll mit nassgeregneten Menschen mit T\u00fcten, Paketen, P\u00e4ckchen &#8211; Vorweihnachtszeit in Berlin. Ein paar Stehpl\u00e4tze gibt es noch, die T\u00fcren schlie\u00dfen sich, der Bus f\u00e4hrt langsam an. Bremst wieder, die Fahrert\u00fcr geht noch mal auf, drei junge Typen st\u00fcrzen rein. Na\u00df und hektisch dr\u00e4ngen sie an Fahrer und Fahrg\u00e4sten vorbei. Der Busfahrer &hellip; <a href=\"http:\/\/www.kommaacht.de\/?p=168\" class=\"more-link\"><span class=\"screen-reader-text\">vorweihnachtlich<\/span> weiterlesen <span class=\"meta-nav\">&rarr;<\/span><\/a><\/p>\n","protected":false},"author":1,"featured_media":0,"comment_status":"open","ping_status":"open","sticky":false,"template":"","format":"standard","meta":{"footnotes":""},"categories":[1],"tags":[],"_links":{"self":[{"href":"http:\/\/www.kommaacht.de\/index.php?rest_route=\/wp\/v2\/posts\/168"}],"collection":[{"href":"http:\/\/www.kommaacht.de\/index.php?rest_route=\/wp\/v2\/posts"}],"about":[{"href":"http:\/\/www.kommaacht.de\/index.php?rest_route=\/wp\/v2\/types\/post"}],"author":[{"embeddable":true,"href":"http:\/\/www.kommaacht.de\/index.php?rest_route=\/wp\/v2\/users\/1"}],"replies":[{"embeddable":true,"href":"http:\/\/www.kommaacht.de\/index.php?rest_route=%2Fwp%2Fv2%2Fcomments&post=168"}],"version-history":[{"count":2,"href":"http:\/\/www.kommaacht.de\/index.php?rest_route=\/wp\/v2\/posts\/168\/revisions"}],"predecessor-version":[{"id":174,"href":"http:\/\/www.kommaacht.de\/index.php?rest_route=\/wp\/v2\/posts\/168\/revisions\/174"}],"wp:attachment":[{"href":"http:\/\/www.kommaacht.de\/index.php?rest_route=%2Fwp%2Fv2%2Fmedia&parent=168"}],"wp:term":[{"taxonomy":"category","embeddable":true,"href":"http:\/\/www.kommaacht.de\/index.php?rest_route=%2Fwp%2Fv2%2Fcategories&post=168"},{"taxonomy":"post_tag","embeddable":true,"href":"http:\/\/www.kommaacht.de\/index.php?rest_route=%2Fwp%2Fv2%2Ftags&post=168"}],"curies":[{"name":"wp","href":"https:\/\/api.w.org\/{rel}","templated":true}]}}